{"id":1292,"date":"2019-12-28T08:00:00","date_gmt":"2019-12-28T07:00:00","guid":{"rendered":"http:\/\/www.polizeiseelsorge-speyer.de\/?p=1292"},"modified":"2019-12-01T21:24:52","modified_gmt":"2019-12-01T20:24:52","slug":"neujahrsempfang-3","status":"publish","type":"post","link":"https:\/\/www.polizeiseelsorge-pfalz.de\/?p=1292","title":{"rendered":"Neujahrsempfang"},"content":{"rendered":"\n<p>Zum \u00f6kumenischen Gottesdienst und zum anschlie\u00dfenden Neujahrsempfang l\u00e4dt die Polizeiseelsorge der Pfalz, am Donnerstag, 9. Januar 2020, um 15 Uhr, in das Priesterseminar St. German, Am Germansberg 60, nach Speyer ein.<\/p>\n","protected":false},"excerpt":{"rendered":"<p>Zum \u00f6kumenischen Gottesdienst und zum anschlie\u00dfenden Neujahrsempfang l\u00e4dt die Polizeiseelsorge der Pfalz&#8230;<\/p>\n","protected":false},"author":1,"featured_media":0,"comment_status":"closed","ping_status":"closed","sticky":false,"template":"","format":"standard","meta":{"footnotes":""},"categories":[1],"tags":[],"class_list":["post-1292","post","type-post","status-publish","format-standard","hentry","category-polizeiseelsorge"],"_links":{"self":[{"href":"https:\/\/www.polizeiseelsorge-pfalz.de\/index.php?rest_route=\/wp\/v2\/posts\/1292","targetHints":{"allow":["GET"]}}],"collection":[{"href":"https:\/\/www.polizeiseelsorge-pfalz.de\/index.php?rest_route=\/wp\/v2\/posts"}],"about":[{"href":"https:\/\/www.polizeiseelsorge-pfalz.de\/index.php?rest_route=\/wp\/v2\/types\/post"}],"author":[{"embeddable":true,"href":"https:\/\/www.polizeiseelsorge-pfalz.de\/index.php?rest_route=\/wp\/v2\/users\/1"}],"replies":[{"embeddable":true,"href":"https:\/\/www.polizeiseelsorge-pfalz.de\/index.php?rest_route=%2Fwp%2Fv2%2Fcomments&post=1292"}],"version-history":[{"count":1,"href":"https:\/\/www.polizeiseelsorge-pfalz.de\/index.php?rest_route=\/wp\/v2\/posts\/1292\/revisions"}],"predecessor-version":[{"id":1293,"href":"https:\/\/www.polizeiseelsorge-pfalz.de\/index.php?rest_route=\/wp\/v2\/posts\/1292\/revisions\/1293"}],"wp:attachment":[{"href":"https:\/\/www.polizeiseelsorge-pfalz.de\/index.php?rest_route=%2Fwp%2Fv2%2Fmedia&parent=1292"}],"wp:term":[{"taxonomy":"category","embeddable":true,"href":"https:\/\/www.polizeiseelsorge-pfalz.de\/index.php?rest_route=%2Fwp%2Fv2%2Fcategories&post=1292"},{"taxonomy":"post_tag","embeddable":true,"href":"https:\/\/www.polizeiseelsorge-pfalz.de\/index.php?rest_route=%2Fwp%2Fv2%2Ftags&post=1292"}],"curies":[{"name":"wp","href":"https:\/\/api.w.org\/{rel}","templated":true}]}}