{"id":2619,"date":"2025-02-14T13:30:45","date_gmt":"2025-02-14T12:30:45","guid":{"rendered":"https:\/\/www.polizeiseelsorge-pfalz.de\/?p=2619"},"modified":"2025-02-14T13:30:46","modified_gmt":"2025-02-14T12:30:46","slug":"was-bleibt","status":"publish","type":"post","link":"https:\/\/www.polizeiseelsorge-pfalz.de\/?p=2619","title":{"rendered":"Was bleibt &#8230;"},"content":{"rendered":"\n<p><strong>Wirre und unsichere Zeiten, in denen wir gerade leben, oder? Bruch der Ampel-Koalition in Berlin nach internen Querelen und politischem Stillstand. Der unberechenbare und sowohl menschlich als auch ethisch fragw\u00fcrdige Donald Trump wird wieder US-Pr\u00e4sident. Und jetzt: Vorgezogene Bundestagswahlen. Mit einem denkw\u00fcrdigen Wahlk(r)ampf. Mit allerhand populistischem Get\u00f6se auf extrem rechter Fahrspur, fragw\u00fcrdigen Taktierereien, aggressiver Stimmung sowie menschlich und rechtlich bedenklichen Forderungen und Versprechungen.<\/strong><\/p>\n\n\n\n<p>Immer wieder sagen Menschen: Ich wei\u00df gar nicht, was ich w\u00e4hlen soll. Ich f\u00fchle mich nicht mehr sicher. Woher dieses Grund-Gef\u00fchl kommt? Bestimmt nicht von mangelnder Polizeipr\u00e4senz. Die Polizei ist da. Und muss immer mehr da sein. Um Sicherheit und rechtsstaatlich-demokratische Abl\u00e4ufe zu gew\u00e4hrleisten.<\/p>\n\n\n\n<p>Wir leben in wirren und unsicheren Zeiten. Die Welt im Dauer-Krisenmodus. Kriege. Tendenzen, die vor Jahren noch undenkbar schienen, werden pl\u00f6tzlich salonf\u00e4hig. Abschottung, einfaches Schwarz-Wei\u00df-Denken mit ebenso einfachen L\u00f6sungen f\u00fcr komplizierte Probleme, weniger Miteinander und mehr \u201cIch zuerst\u201d. Emotionalit\u00e4t statt Sachlichkeit. Unredlichkeiten\u2026<\/p>\n\n\n\n<p>W\u00e4hrend der Vorbereitung auf ein Seminar ist mir vor kurzem ein altes Gebet und Lied aus der Bibel in die Hand gefallen. Nicht in altem Lutherdeutsch, sondern in einer modernen \u00dcbertragung des Theologen, Seelsorgers und P\u00e4dagogen Peter Spangenberg aus dem Jahr 1995. Ich bin \u00fcberrascht wie treffend doch dieses St\u00fcck in unsere Zeit passt:<\/p>\n\n\n\n<blockquote class=\"wp-block-quote is-layout-flow wp-block-quote-is-layout-flow\">\n<blockquote class=\"wp-block-quote is-layout-flow wp-block-quote-is-layout-flow\">\n<p>\u201eTrotz allem, was in unserem Land und in der Welt geschieht \u2013 Gottes Wort ist der einzige wirkliche Lichtblick f\u00fcr alle, die noch offene Herzen haben. Ich war auch kurz davor zu sagen: Es hat ja keinen Sinn mehr; denn ich habe mich so ma\u00dflos ge\u00e4rgert, weil es den B\u00f6sewichten so gutgeht. Sie fressen sich dick und rund und werden immer reicher; sie kennen nicht die kleinen und gro\u00dfen Sorgen des Alltags; deshalb geben sie auch so an und meinen, sie k\u00f6nnten sich alles leisten. Sie machen einfach das, was ihnen in den Sinn kommt ohne jede R\u00fccksicht auf andere. Sie haben vor nichts mehr Ehrfurcht und schimpfen obendrein. Sie tun so, als w\u00e4ren sie der liebe Gott, und die Masse der Menschen l\u00e4uft ihnen noch nach. Sie meinen, Gott s\u00e4he das alles nicht. Hat es denn gar keinen Sinn mehr, dass ich mich nach meinem Gewissen richte, wo die anderen so gut mit allem durchkommen?\u201c<\/p>\n<\/blockquote>\n<\/blockquote>\n\n\n\n<p>Soweit der erste Teil dieser modernen Psalm-Version. Sie dr\u00fcckt ungesch\u00f6nt und provozierend aus, wie es einem gehen kann. Zum Gl\u00fcck bleibt es bei den Beobachtungen und Wahrnehmungen der Welt nicht stecken:<\/p>\n\n\n\n<blockquote class=\"wp-block-quote is-layout-flow wp-block-quote-is-layout-flow\">\n<blockquote class=\"wp-block-quote is-layout-flow wp-block-quote-is-layout-flow\">\n<p>\u201eAber ich merkte, als ich betete, dass solche Menschen keinen Hintergrund und kein Fundament haben. Wie ein b\u00f6ser Traum verfliegt, so sind sie eines Tages weg. Trotzdem tat es mir weh und ging mir an die Nieren. Aber ich war ein Esel. Nein, ich bleibe dir treu, und du h\u00e4ltst mich fest, lieber Gott. Du zeigst mir den Weg, wie du es willst und sagst mir am Ende: So war es gut! Was gehen mich die Spinnereien und die Raffgier anderer an? Hauptsache, ich geh\u00f6re zu dir. Das ist auch mein ganzer Lebensinhalt: zu dir zu halten und mich bei dir geborgen zu f\u00fchlen. Davon soll mein Leben strahlen\u201c.<\/p>\n<\/blockquote>\n<\/blockquote>\n\n\n\n<p>Der zweite Teil des St\u00fccks versucht, dem, was verwirrt, verunsichert frustriert und w\u00fctend macht, etwas entgegenzusetzen. Ein Fundament, das Halt und Orientierung gibt: Das Wissen darum, dass man zu Gott geh\u00f6rt, bei ihm geborgen ist. Ihm kann man vertrauen. Er zeigt einem den guten Weg. Das klingt freilich auch einfach und fromm. Und damit provoziert es auf andere Art. Ob Gott der einzige wirkliche Lichtblick ist? Manche und mancher ger\u00e4t hier vielleicht ins Zweifeln oder Widersprechen. Ich komme zumindest ins Nachdenken. Ich mag mich nicht einfach so mit den Realit\u00e4ten dieser Welt und dieser Zeit abfinden. Realit\u00e4ten, die das Potential haben, mich einfach nur noch runterzuziehen und mir die Zuversicht zu nehmen.<\/p>\n\n\n\n<p>Nein, ich m\u00f6chte drauf vertrauen, dass sich diese Welt, dass sich Menschen mit Einfluss und Macht auch wieder in eine andere Richtung entwickeln und bewegen k\u00f6nnen. Ich m\u00f6chte darauf vertrauen, dass Gott Dinge und Menschen, ja ganze Gesellschaften, zum Guten wenden kann, wie schon in der Vergangenheit. Ich m\u00f6chte darauf vertrauen, dass Gott mir den Mut und die Kraft gibt, mich an meiner Stelle f\u00fcr ein friedliches, ein faires, ein menschliches Miteinander einzusetzen. Und nicht den Blick f\u00fcr Gelingendes im Kleinen, f\u00fcr Sch\u00f6nes und Gutes in dieser Welt zu verlieren. Ich m\u00f6chte mit seiner Hilfe Herzensw\u00e4rme und Menschlichkeit ausstrahlen und damit andere \u201eanstecken\u201c.<\/p>\n\n\n\n<p>Und dann vertraue ich darauf, dass Kriege in Frieden m\u00fcnden werden, dass Gerichte Staatsm\u00e4nner und -frauen, die mit unmenschlichen, rechtlich und ethisch bedenklichen Vorschl\u00e4gen und Anordnungen zerst\u00f6rerisch wirken, in ihre Grenzen weisen. Dass auch nach der Bundestagswahl unsere demokratische Grundordnung weiter besteht und sich die Verantwortlichen in Politik, Wirtschaft und Wissenschaft zusammenraufen werden, um gemeinsam nach guten L\u00f6sungen f\u00fcr die dr\u00e4ngenden Probleme unserer Zeit zu suchen.<\/p>\n\n\n\n<p>Ich vertraue darauf, dass, so wie bisher auch, in Zukunft alle Polizistinnen und Polizisten bei uns im Land mit Herzblut f\u00fcr Sicherheit und demokratische Ordnung einstehen und sorgen. Ihnen geb\u00fchrt gerade in schwierigen Zeiten ein herzlicher Dank daf\u00fcr.<\/p>\n\n\n\n<p>Wir alle haben in jeder Hinsicht die Wahl \u2026<\/p>\n\n\n\n<p>Herzliche Gr\u00fc\u00dfe,<br>Ihr\/Euer<br>Norman Roth, Polizeiseelsorger (Ev. Kirche der Pfalz)<\/p>\n","protected":false},"excerpt":{"rendered":"<p>Wirre und unsichere Zeiten, in denen wir gerade leben, oder? Bruch der Ampel-Koalition in Berlin nach internen Querelen und politischem Stillstand. Der unberechenbare und sowohl menschlich als auch ethisch fragw\u00fcrdige Donald Trump wird wieder US-Pr\u00e4sident. Und jetzt: Vorgezogene Bundestagswahlen. Mit einem denkw\u00fcrdigen Wahlk(r)ampf. Mit allerhand populistischem Get\u00f6se auf extrem rechter Fahrspur, fragw\u00fcrdigen Taktierereien, aggressiver Stimmung sowie menschlich und rechtlich bedenklichen Forderungen und Versprechungen &#8230;<\/p>\n","protected":false},"author":1,"featured_media":0,"comment_status":"open","ping_status":"closed","sticky":false,"template":"","format":"standard","meta":{"footnotes":""},"categories":[1],"tags":[],"class_list":["post-2619","post","type-post","status-publish","format-standard","hentry","category-polizeiseelsorge"],"_links":{"self":[{"href":"https:\/\/www.polizeiseelsorge-pfalz.de\/index.php?rest_route=\/wp\/v2\/posts\/2619","targetHints":{"allow":["GET"]}}],"collection":[{"href":"https:\/\/www.polizeiseelsorge-pfalz.de\/index.php?rest_route=\/wp\/v2\/posts"}],"about":[{"href":"https:\/\/www.polizeiseelsorge-pfalz.de\/index.php?rest_route=\/wp\/v2\/types\/post"}],"author":[{"embeddable":true,"href":"https:\/\/www.polizeiseelsorge-pfalz.de\/index.php?rest_route=\/wp\/v2\/users\/1"}],"replies":[{"embeddable":true,"href":"https:\/\/www.polizeiseelsorge-pfalz.de\/index.php?rest_route=%2Fwp%2Fv2%2Fcomments&post=2619"}],"version-history":[{"count":2,"href":"https:\/\/www.polizeiseelsorge-pfalz.de\/index.php?rest_route=\/wp\/v2\/posts\/2619\/revisions"}],"predecessor-version":[{"id":2621,"href":"https:\/\/www.polizeiseelsorge-pfalz.de\/index.php?rest_route=\/wp\/v2\/posts\/2619\/revisions\/2621"}],"wp:attachment":[{"href":"https:\/\/www.polizeiseelsorge-pfalz.de\/index.php?rest_route=%2Fwp%2Fv2%2Fmedia&parent=2619"}],"wp:term":[{"taxonomy":"category","embeddable":true,"href":"https:\/\/www.polizeiseelsorge-pfalz.de\/index.php?rest_route=%2Fwp%2Fv2%2Fcategories&post=2619"},{"taxonomy":"post_tag","embeddable":true,"href":"https:\/\/www.polizeiseelsorge-pfalz.de\/index.php?rest_route=%2Fwp%2Fv2%2Ftags&post=2619"}],"curies":[{"name":"wp","href":"https:\/\/api.w.org\/{rel}","templated":true}]}}