{"id":2810,"date":"2026-09-02T20:55:49","date_gmt":"2026-09-02T19:55:49","guid":{"rendered":"https:\/\/www.polizeiseelsorge-pfalz.de\/?p=2810"},"modified":"2026-09-02T20:59:19","modified_gmt":"2026-09-02T19:59:19","slug":"blaue-zuckerwatte-kaffee-und-gespraeche","status":"publish","type":"post","link":"https:\/\/www.polizeiseelsorge-pfalz.de\/?p=2810","title":{"rendered":"Blaue Zuckerwatte, Kaffee und Gespr\u00e4che"},"content":{"rendered":"\n<p class=\"wp-block-paragraph\">Seit 50 Jahren geh\u00f6rt Enkenbach-Alsenborn fest zur Polizei Rheinland-Pfalz. Dieses Jubil\u00e4um nahm der Polizeistandort zum Anlass, seine T\u00fcren zu \u00f6ffnen und interessierten Besucherinnen und Besuchern einen Blick hinter die Kulissen zu erm\u00f6glichen. Dabei pr\u00e4sentierten sich die unterschiedlichen Bereiche der Polizei und zeigten, wie vielf\u00e4ltig ihre Aufgaben sind.<\/p>\n\n\n\n<p class=\"wp-block-paragraph\">Zum Jubil\u00e4umsprogramm geh\u00f6rte zun\u00e4chst eine offizielle Feierstunde, an der auch Innenminister Achim Schwickert teilnahm. Anschlie\u00dfend stand der Polizeistandort ganz im Zeichen von Begegnung, Information und Austausch. <\/p>\n\n\n\n<p class=\"wp-block-paragraph\">Auch die Polizeiseelsorge war mit einem eigenen Infostand vertreten. Das Angebot wurde rege genutzt und bot Raum f\u00fcr viele Gespr\u00e4che und Begegnungen. F\u00fcr eine kleine St\u00e4rkung zwischendurch sorgten wir ebenfalls: Mit viel Einsatz gingen blaue Zuckerwatte und Kaffee an die Besucherinnen und Besucher.<\/p>\n\n\n\n<p class=\"wp-block-paragraph\">Wer noch einmal einen Blick auf den Jubil\u00e4umstag werfen m\u00f6chte, findet bei\u00a0<a href=\"https:\/\/www.treffpunkt-pfalz.de\/westpfalz\/tag-der-offenen-tuer-zum-50-jaehrigen-jubilaeum-des-polizeistandorts-enkenbach-alsenborn\/\" target=\"_blank\" rel=\"noopener\">Treffpunkt Pfalz\u00a0\u2192<\/a> eine tolle Bildergalerie mit vielen Eindr\u00fccken vom Tag der offenen T\u00fcr. <\/p>\n\n\n\n<p class=\"has-small-font-size wp-block-paragraph\">Foto: Am Stand der Polizeiseelsorge kamen Besucherinnen und Besucher bei blauer Zuckerwatte und einer Tasse Kaffee mit Mitgliedern des \u00d6kumenischen Polizeiseelsorgebeirats Pfalz ins Gespr\u00e4ch. Dabei entstanden viele nette Begegnungen.<\/p>\n","protected":false},"excerpt":{"rendered":"<p>Seit 50 Jahren geh\u00f6rt Enkenbach-Alsenborn fest zur Polizei Rheinland-Pfalz. Dieses Jubil\u00e4um nahm der Polizeistandort zum Anlass, seine T\u00fcren zu \u00f6ffnen und interessierten Besucherinnen und Besuchern einen Blick hinter die Kulissen zu erm\u00f6glichen. Dabei pr\u00e4sentierten sich die unterschiedlichen Bereiche der Polizei und zeigten, wie vielf\u00e4ltig ihre Aufgaben sind. &#8230;<\/p>\n","protected":false},"author":1,"featured_media":2811,"comment_status":"open","ping_status":"closed","sticky":false,"template":"","format":"standard","meta":{"footnotes":""},"categories":[1],"tags":[],"class_list":["post-2810","post","type-post","status-publish","format-standard","has-post-thumbnail","hentry","category-polizeiseelsorge"],"_links":{"self":[{"href":"https:\/\/www.polizeiseelsorge-pfalz.de\/index.php?rest_route=\/wp\/v2\/posts\/2810","targetHints":{"allow":["GET"]}}],"collection":[{"href":"https:\/\/www.polizeiseelsorge-pfalz.de\/index.php?rest_route=\/wp\/v2\/posts"}],"about":[{"href":"https:\/\/www.polizeiseelsorge-pfalz.de\/index.php?rest_route=\/wp\/v2\/types\/post"}],"author":[{"embeddable":true,"href":"https:\/\/www.polizeiseelsorge-pfalz.de\/index.php?rest_route=\/wp\/v2\/users\/1"}],"replies":[{"embeddable":true,"href":"https:\/\/www.polizeiseelsorge-pfalz.de\/index.php?rest_route=%2Fwp%2Fv2%2Fcomments&post=2810"}],"version-history":[{"count":3,"href":"https:\/\/www.polizeiseelsorge-pfalz.de\/index.php?rest_route=\/wp\/v2\/posts\/2810\/revisions"}],"predecessor-version":[{"id":2815,"href":"https:\/\/www.polizeiseelsorge-pfalz.de\/index.php?rest_route=\/wp\/v2\/posts\/2810\/revisions\/2815"}],"wp:featuredmedia":[{"embeddable":true,"href":"https:\/\/www.polizeiseelsorge-pfalz.de\/index.php?rest_route=\/wp\/v2\/media\/2811"}],"wp:attachment":[{"href":"https:\/\/www.polizeiseelsorge-pfalz.de\/index.php?rest_route=%2Fwp%2Fv2%2Fmedia&parent=2810"}],"wp:term":[{"taxonomy":"category","embeddable":true,"href":"https:\/\/www.polizeiseelsorge-pfalz.de\/index.php?rest_route=%2Fwp%2Fv2%2Fcategories&post=2810"},{"taxonomy":"post_tag","embeddable":true,"href":"https:\/\/www.polizeiseelsorge-pfalz.de\/index.php?rest_route=%2Fwp%2Fv2%2Ftags&post=2810"}],"curies":[{"name":"wp","href":"https:\/\/api.w.org\/{rel}","templated":true}]}}